{"id":18968,"date":"2021-12-12T18:45:57","date_gmt":"2021-12-12T17:45:57","guid":{"rendered":"https:\/\/cinedetour.it\/?p=18968"},"modified":"2021-12-12T18:45:02","modified_gmt":"2021-12-12T17:45:02","slug":"39tff-files-un-detouriano-a-torino","status":"publish","type":"post","link":"https:\/\/cinedetour.it\/en\/2021\/12\/12\/39tff-files-un-detouriano-a-torino\/","title":{"rendered":"39TFF  Files. Un detouriano a Torino"},"content":{"rendered":"<p><span style=\"font-size: 24pt;\"><span style=\"font-family: trebuchet ms, geneva, sans-serif;\">39TFF FILES. Un detouriano a Torino<\/span><\/span><\/p>\n<p><span style=\"font-size: 12pt;\"><span style=\"font-family: 'trebuchet ms', geneva, sans-serif; color: #333333;\">Dal nostro infiltrato speciale al 39 International Torino Film Festival<\/span><\/span><\/p>\n<p><a href=\"https:\/\/cinedetour.it\/wp-content\/uploads\/2021\/12\/foto-alessandro-calisti.jpg\"><img loading=\"lazy\" decoding=\"async\" class=\"alignnone  wp-image-18997\" src=\"https:\/\/cinedetour.it\/wp-content\/uploads\/2021\/12\/foto-alessandro-calisti-150x150.jpg\" alt=\"\" width=\"98\" height=\"98\" srcset=\"https:\/\/cinedetour.it\/wp-content\/uploads\/2021\/12\/foto-alessandro-calisti-150x150.jpg 150w, https:\/\/cinedetour.it\/wp-content\/uploads\/2021\/12\/foto-alessandro-calisti-300x300.jpg 300w, https:\/\/cinedetour.it\/wp-content\/uploads\/2021\/12\/foto-alessandro-calisti.jpg 720w\" sizes=\"(max-width: 98px) 100vw, 98px\" \/><\/a><\/p>\n<p>&nbsp;<\/p>\n<p>&nbsp;<\/p>\n<p><span style=\"font-size: 10pt;\"><strong><em><span style=\"font-family: 'trebuchet ms', geneva, sans-serif; color: #333333;\">di Alessandro Calisti <\/span><\/em><\/strong><\/span><\/p>\n<p><span style=\"font-family: 'trebuchet ms', geneva, sans-serif; font-size: 10pt;\">Si \u00e8 concluso da pochi giorni il Torino Film Festival. La 39esima edizione, pur dovendo fare i conti con l\u2019era Covid, ci ha regalato un risultato incoraggiante, con sale sold out per le proiezioni in concorso. Segno evidente che il pubblico cinematografico ha ancora a cuore il rituale della visione collettiva.<\/span><br \/>\n<span style=\"font-family: 'trebuchet ms', geneva, sans-serif; font-size: 10pt;\">Vi segnaliamo alcuni titoli fra i pi\u00f9 interessanti ed altri che ci piacerebbe proporvi anche al Cine Detour fra quelli che siamo riusciti a vedere in anteprima.<\/span><\/p>\n<p><a href=\"https:\/\/cinedetour.it\/wp-content\/uploads\/2021\/12\/un-monde.jpeg\"><img loading=\"lazy\" decoding=\"async\" class=\"alignnone  wp-image-18984\" src=\"https:\/\/cinedetour.it\/wp-content\/uploads\/2021\/12\/un-monde-1024x553.jpeg\" alt=\"\" width=\"650\" height=\"351\" srcset=\"https:\/\/cinedetour.it\/wp-content\/uploads\/2021\/12\/un-monde-1024x553.jpeg 1024w, https:\/\/cinedetour.it\/wp-content\/uploads\/2021\/12\/un-monde-300x162.jpeg 300w, https:\/\/cinedetour.it\/wp-content\/uploads\/2021\/12\/un-monde-768x415.jpeg 768w, https:\/\/cinedetour.it\/wp-content\/uploads\/2021\/12\/un-monde-1536x830.jpeg 1536w, https:\/\/cinedetour.it\/wp-content\/uploads\/2021\/12\/un-monde.jpeg 2041w\" sizes=\"(max-width: 650px) 100vw, 650px\" \/><\/a><br \/>\n<span style=\"font-family: 'trebuchet ms', geneva, sans-serif; font-size: 10pt;\"><br \/>\nCominciamo dal fuori concorso <em><strong>Un Monde<\/strong><\/em> di Laura Wandel (Belgio), film fortemente immersivo dedicato al bullismo. Segue l\u2019inizio della scuola di una bambina preoccupata per le sorti del fratello pi\u00f9 grande, perseguitato dai compagni. Mette presto in rilievo tutti i limiti di un sistema educativo che carica i bambini di eccessiva tensione emotiva. Genitori ed educatori in primis escono sconfitti dimostrando incapacit\u00e0 di dialogo e di semplicit\u00e0, intromettendosi nei conflitti in modo dannoso. Fortunatamente i protagonisti riusciranno a superare in modo autonomo alcune difficolt\u00e0, in un mondo in cui tutti sono alla ricerca di figure guida e di risposte che non arrivano.<br \/>\n<\/span><\/p>\n<p><a href=\"https:\/\/cinedetour.it\/wp-content\/uploads\/2021\/12\/the-day-is-over2.jpeg\"><img loading=\"lazy\" decoding=\"async\" class=\"alignnone  wp-image-18986\" src=\"https:\/\/cinedetour.it\/wp-content\/uploads\/2021\/12\/the-day-is-over2.jpeg\" alt=\"\" width=\"650\" height=\"366\" srcset=\"https:\/\/cinedetour.it\/wp-content\/uploads\/2021\/12\/the-day-is-over2.jpeg 1000w, https:\/\/cinedetour.it\/wp-content\/uploads\/2021\/12\/the-day-is-over2-300x169.jpeg 300w, https:\/\/cinedetour.it\/wp-content\/uploads\/2021\/12\/the-day-is-over2-768x432.jpeg 768w\" sizes=\"(max-width: 650px) 100vw, 650px\" \/><\/a><\/p>\n<p><span style=\"font-family: 'trebuchet ms', geneva, sans-serif; font-size: 10pt;\">C\u2019\u00e8 poi <strong><em>The Day Is Over<\/em><\/strong>, film cinese in concorso di Qi Rui. Narra della vita rurale come periferia delle opportunit\u00e0 in una societ\u00e0 che viaggia a due velocit\u00e0. Soprattutto per le ragazzine, che sembrano crescere abbandonate a se stesse, senza che nessuno le aiuti, in una comunit\u00e0 subito pronta ad approfittare delle loro sventure. Un racconto di toccante bellezza, opera prima che viene proposta guardando il mondo con gli occhi delle giovanissime protagoniste. Fra speranza, disillusione e consapevole amarezza.<\/span><\/p>\n<p><a href=\"https:\/\/cinedetour.it\/wp-content\/uploads\/2021\/12\/clara-sola.jpeg\"><img loading=\"lazy\" decoding=\"async\" class=\"alignnone  wp-image-18988\" src=\"https:\/\/cinedetour.it\/wp-content\/uploads\/2021\/12\/clara-sola-1024x576.jpeg\" alt=\"\" width=\"647\" height=\"364\" srcset=\"https:\/\/cinedetour.it\/wp-content\/uploads\/2021\/12\/clara-sola-1024x576.jpeg 1024w, https:\/\/cinedetour.it\/wp-content\/uploads\/2021\/12\/clara-sola-300x169.jpeg 300w, https:\/\/cinedetour.it\/wp-content\/uploads\/2021\/12\/clara-sola-768x432.jpeg 768w, https:\/\/cinedetour.it\/wp-content\/uploads\/2021\/12\/clara-sola.jpeg 1280w\" sizes=\"(max-width: 647px) 100vw, 647px\" \/><\/a><\/p>\n<p><span style=\"font-family: 'trebuchet ms', geneva, sans-serif; font-size: 10pt;\">Misticismo fai da te e ricerca dell\u2019identit\u00e0 sono invece i temi di <strong><em>Clara Sola<\/em><\/strong>. Il lungometraggio di Nathalie \u00c1lvarez M\u00e9sen (Svezia\/Costa Rica\/Belgio\/Germania) \u00e8 una intensa narrazione della vita e dello sfruttamento economico di Clara. Prigioniera della famiglia e relegata al ruolo di guaritrice in una piccola indefinita comunit\u00e0 del centro America, la protagonista trova conforto nella natura circostante. Ma l\u2019incontro con il nuovo fidanzato della nipote risveglia in lei gli impulsi fisici che non pu\u00f2 soddisfare e che la porteranno gradualmente verso un punto di rottura. Una netta ricerca di emancipazione da una madre senza scrupoli e da un ruolo che le tarpa le ali.<\/span><\/p>\n<p><span style=\"font-family: 'trebuchet ms', geneva, sans-serif; font-size: 10pt;\">Troviamo un altro titolo incentrato sulla scuola, per Fuori Concorso TF Lab. E\u2019 il croato <strong><em>The Staffroom<\/em><\/strong> di Sonja Tarokic. Gli equilibri precari e le relazioni all\u2019interno del corpo docenti vengono sconvolti dall\u2019arrivo di una pedagogista giovane e piena di voglia di fare. Fra dialoghi serrati e ritmo intenso le vicende scolastiche ed i retroscena diventano un vero e proprio thriller. Un film che ci insegna che per alcune questioni tutto il mondo \u00e8 paese e che per risolvere gravi conflitti \u00e8 necessaria pazienza ed attitudine al compromesso, ma anche la capacit\u00e0 di lasciar correre.<br \/>\n<\/span><br \/>\n<span style=\"font-family: 'trebuchet ms', geneva, sans-serif; font-size: 10pt;\"><strong><em>Les Intranquilles<\/em><\/strong> di Joachim Lafosse (Belgio\/Francia\/ Lussemburgo), \u00e8 un approfondita indagine sulle relazioni affettive e sul disagio mentale, all\u2019interno della sezione Fuori Concorso \/ Surprise. Ottima recitazione di Le\u00efla Bekhti e Damien Bonnard, nel ruolo di una coppia ben affiatata e con un figlio. Ma i problemi psichici incombono sulla creativit\u00e0 del pittore Damien. I suoi disturbi entrano prepotentemente nei rapporti di famiglia e nella vita quotidiana. Ritrovare un equilibrio \u00e8 molto difficile; come lo \u00e8 accettare la situazione per la compagna di un pittore che rischia una crisi ogni volta che si lascia travolgere dal suo estro creativo. Sar\u00e0 proprio quest\u2019ultima a ricoprire un ruolo importante nella vicenda. Fra egoismi, senso di responsabilit\u00e0 verso il figlio e tentativo di distacco da una relazione pericolosa, tutto si trasforma in una sfida di promesse e consapevolezza. Un commovente tentativo di tutti i protagonisti di districarsi in una situazione complicata ed imprevedibile.<\/span><\/p>\n<p><a href=\"https:\/\/cinedetour.it\/wp-content\/uploads\/2021\/12\/extraneous-matter-1.jpeg\"><img loading=\"lazy\" decoding=\"async\" class=\"alignnone  wp-image-18990\" src=\"https:\/\/cinedetour.it\/wp-content\/uploads\/2021\/12\/extraneous-matter-1-1024x576.jpeg\" alt=\"\" width=\"650\" height=\"366\" srcset=\"https:\/\/cinedetour.it\/wp-content\/uploads\/2021\/12\/extraneous-matter-1-1024x576.jpeg 1024w, https:\/\/cinedetour.it\/wp-content\/uploads\/2021\/12\/extraneous-matter-1-300x169.jpeg 300w, https:\/\/cinedetour.it\/wp-content\/uploads\/2021\/12\/extraneous-matter-1-768x432.jpeg 768w, https:\/\/cinedetour.it\/wp-content\/uploads\/2021\/12\/extraneous-matter-1-1536x864.jpeg 1536w, https:\/\/cinedetour.it\/wp-content\/uploads\/2021\/12\/extraneous-matter-1.jpeg 1920w\" sizes=\"(max-width: 650px) 100vw, 650px\" \/><\/a><\/p>\n<p><span style=\"font-family: 'trebuchet ms', geneva, sans-serif; font-size: 10pt;\">Una sorpresa nella la sezione Le Stanze di Rol \u00e8 stato senza dubbio <em><strong>Extraneus Matter \u2013 Complete Edition<\/strong><\/em>. Il regista giapponese Kenichi Ugana, accompagnato dall\u2019attrice protagonista Kaoru Koide ha salutato il pubblico in sala dicendo: \u201cGrazie per essere venuti a vedere questo strano film!\u201d. In effetti non \u00e8 facile assegnare un genere a questo lungometraggio che unisce tre lavori differenti, girato in bianco e nero con una fotografia molto elegante. Attraverso una certa comicit\u00e0 si affrontano vari temi: le relazioni vuote e prive di affetto, lo smarrimento della societ\u00e0 davanti all\u2019ignoto, l\u2019integrazione. Tra fantascienza e spiccato erotismo (\u00e8 vietato ai minori di 18 anni), scene grottesche e indagine sociale questo lavoro sui generis parte dalla vicenda di un curioso extraterrestre arrivato sulla terra all\u2019improvviso. Si nasconde in un armadio, seduce le persone, si moltiplica\u2026 Una metafora per denunciare una comunit\u00e0 poco connessa e per nulla disposta all\u2019ascolto dell\u2019altro.<\/span><\/p>\n<p><span style=\"font-family: 'trebuchet ms', geneva, sans-serif; font-size: 10pt;\"><a href=\"https:\/\/cinedetour.it\/wp-content\/uploads\/2021\/12\/aloners-2021-hong-seong-eun-recensione-932x465-1.jpeg\"><img loading=\"lazy\" decoding=\"async\" class=\"alignnone  wp-image-18991\" src=\"https:\/\/cinedetour.it\/wp-content\/uploads\/2021\/12\/aloners-2021-hong-seong-eun-recensione-932x465-1.jpeg\" alt=\"\" width=\"650\" height=\"324\" srcset=\"https:\/\/cinedetour.it\/wp-content\/uploads\/2021\/12\/aloners-2021-hong-seong-eun-recensione-932x465-1.jpeg 932w, https:\/\/cinedetour.it\/wp-content\/uploads\/2021\/12\/aloners-2021-hong-seong-eun-recensione-932x465-1-300x150.jpeg 300w, https:\/\/cinedetour.it\/wp-content\/uploads\/2021\/12\/aloners-2021-hong-seong-eun-recensione-932x465-1-768x383.jpeg 768w\" sizes=\"(max-width: 650px) 100vw, 650px\" \/><\/a><\/span><br \/>\n<span style=\"font-family: 'trebuchet ms', geneva, sans-serif; font-size: 10pt;\"><br \/>\nParliamo ora di <strong>Aloners i<\/strong>l film coreano che ha raccolto grande consenso nel pubblico oltre che il premio come miglior attrice per Gong Seung-Yeon. Il racconto ci offre un focus sulla societ\u00e0 locale indagando sulle solitudini e sull\u2019alienazione. La protagonista Jina, impiegata di successo in un call center di una compagnia di carte di credito, vive da sola, non ha amici e dopo la morte della madre ha un pessimo rapporto con il padre. Ma una serie di avvenimenti, fra cui il suicidio di un vicino di casa e l\u2019arrivo in ufficio di una giovane stagista, daranno inizio ad un percorso di cambiamento. Una graduale rinascita in cui le relazioni umane torneranno ad avere il peso che meritano. Una favola metropolitana, ma anche un inno alla comprensione verso il prossimo.<\/span><\/p>\n<p><span style=\"font-family: 'trebuchet ms', geneva, sans-serif; font-size: 10pt;\"><em><strong>Feathers<\/strong> <\/em>(Francia\/ Egitto\/Paesi Bassi\/Grecia) \u00e8 l\u2019opera di Omar El Zohairy che ha vinto il Premio Speciale della giuria come Miglior Film, (ex aequo con El Planeta). Un episodio surreale \u00e8 l\u2019occasione per raccontare la vita difficile di una famiglia povera, che vive in alloggi fatiscenti all\u2019interno di un\u2019area industriale molto inquinata. Un uomo viene trasformato per sbaglio in un pollo da un mago, durante la festa di compleanno del figlio. La moglie dovr\u00e0 cos\u00ec barcamenarsi per non cadere in disgrazia. Forse per\u00f2 non \u00e8 tutto come sembra. Tra il surreale e il grottesco, una fiaba improbabile per descrivere l\u2019assurdit\u00e0 della povert\u00e0, ma anche le difficolt\u00e0 delle donne nelle societ\u00e0 retrograde, l\u2019inquinamento, la burocrazia. Una commedia a tratti ostica da digerire per l\u2019alternanza di pietismo e comicit\u00e0 politicamente scorretta. Un titolo che ha diviso il pubblico, a giudicare dalle reazioni in sala!<\/span><\/p>\n<p><span style=\"font-family: 'trebuchet ms', geneva, sans-serif; font-size: 10pt;\"><strong><em>Lotta di Classe \u2013 Il Cinema dei Ragazzi<\/em> <\/strong>di Emilio Sidoti \u00e8 un documentario italiano di Demetrio Giacomelli. Testimonianza della prima esperienza dell\u2019utilizzo del cinema come strumento educativo. Alla fine degli anni sessanta, Emilio Sidoti sviluppa un metodo innovativo nella scuola elementare di Albisola. Siamo in Liguria non lontano da Savona. Molto criticato all\u2019epoca ed accusato ingiustamente di formare intere generazioni di brigatisti, il maestro realizz\u00f2 con le sue classi una ventina di film; scritti, interpretati e montati quasi interamente dagli alunni. I temi erano storici, sociali e frutto dello studio delle materie scolastiche. Molto interessante per gli educatori dedica ampio spazio al confronto dei bambini dell\u2019epoca -oggi divenuti adulti. Ricco di racconti, aneddoti e ricordi personali dei protagonisti dei film.<\/span><\/p>\n<p><a href=\"https:\/\/cinedetour.it\/wp-content\/uploads\/2021\/12\/T39_ElPlaneta3.jpeg\"><img loading=\"lazy\" decoding=\"async\" class=\"alignnone  wp-image-18993\" src=\"https:\/\/cinedetour.it\/wp-content\/uploads\/2021\/12\/T39_ElPlaneta3-1024x540.jpeg\" alt=\"\" width=\"651\" height=\"343\" srcset=\"https:\/\/cinedetour.it\/wp-content\/uploads\/2021\/12\/T39_ElPlaneta3-1024x540.jpeg 1024w, https:\/\/cinedetour.it\/wp-content\/uploads\/2021\/12\/T39_ElPlaneta3-300x158.jpeg 300w, https:\/\/cinedetour.it\/wp-content\/uploads\/2021\/12\/T39_ElPlaneta3-768x405.jpeg 768w, https:\/\/cinedetour.it\/wp-content\/uploads\/2021\/12\/T39_ElPlaneta3-1536x810.jpeg 1536w, https:\/\/cinedetour.it\/wp-content\/uploads\/2021\/12\/T39_ElPlaneta3.jpeg 1972w\" sizes=\"(max-width: 651px) 100vw, 651px\" \/><\/a><\/p>\n<p><span style=\"font-family: 'trebuchet ms', geneva, sans-serif; font-size: 10pt;\"><strong><em>El Planeta<\/em> <\/strong>(Usa \/Spagna) \u00e8 il film dell\u2019esordiente regista Amalia Ulman, qui anche attrice protagonista. Ha ottenuto il Premio Speciale della Giuria (ex aequo con Feathers) ed entusiasmato il pubblico di Torino. La vita difficile della giovane Leonor e di sua madre appena trasferitesi da Londra a Gij\u00f3n, \u00e8 l\u2019occasione per raccontare la crisi economica, ma anche per criticare una societ\u00e0 consumista e legata al culto dell\u2019immagine, che crea bisogni superficiali e non offre alle giovani generazioni prospettive solide. Girato in bianco e nero, con inquadrature di interni che sembrano omaggiare Cassavetes e dialoghi esilaranti che ricordano a tratti il primo Almod\u00f3var risulta un film decisamente Indie. Nei panni di una amabile e cialtrona ragazza che sogna un futuro nella moda e prende continue cantonate in amore e sul lavoro, Amalia Ulman fotografa le incertezze di un Europa e di una Spagna in difficolt\u00e0 e ci regala personaggi comici e decadenti al tempo stesso.<\/span><\/p>\n<p><span style=\"font-family: 'trebuchet ms', geneva, sans-serif; font-size: 10pt;\"><strong><em>Suzanna Adler<\/em><\/strong> (Francia) \u00e8 tratto dall\u2019omonima pi\u00e8ce teatrale di Marguerite Duras, proposto nella sezione Fuori Concorso \/ Surprise e diretto da Beno\u020bt Jacquot. Come spesso accade la trasposizione cinematografica pu\u00f2 risentire di una certa staticit\u00e0. Il film \u00e8 incentrato interamente sulla prova d\u2019attrice di Charlotte Gainsbourg che dimostra di essere in uno stato di grazia. Qui la troviamo nei panni di una giovane e ricchissima donna, insoddisfatta del suo matrimonio, che visita una costosa villa da acquistare in riva al mare. Si confronter\u00e0 con il suo amante &#8211; interpretato da Niels Schneider-, sul futuro di una relazione precaria. Ambientato in una Francia anni sessanta, borghese e iconica.<\/span><\/p>\n<p><span style=\"font-family: 'trebuchet ms', geneva, sans-serif; font-size: 10pt;\">Per finire vi segnaliamo un ultimo titolo: <strong><em>L\u2019Angelo dei Muri<\/em> <\/strong>(Italia\/ Francia \/Slovenia), inserito nella sezione Le Stanze di Rol. Il regista Lorenzo Bianchini ci consegna una favola nera. Un uomo anziano, solo e dal passato tragico viene sfrattato dalla casa di tutta una vita. Non volendo per\u00f2 distaccarsene e non sapendo dove andare si nasconde al suo interno creando una specie stanza segreta. Sar\u00e0 l\u2019occasione per osservare i nuovi inquilini e vegliare su Sanya, bambina cieca arrivata da poco nell\u2019appartamento insieme alla madre, lavoratrice single sempre in ansia per le sorti della figlia. La bambina \u00e8 l\u2019unica a percepire la presenza dell\u2019anziano inquilino, credendolo appunto l\u2019Angelo dei Muri, che vive nella casa e gioca con lei. Sullo sfondo una Trieste in crisi, fredda e decadente. Tutto lentamente diventa meno chiaro e lineare di quanto non sembri e cominciano ad intrecciarsi ricordi, speranze di redenzione ed allucinazioni. L\u2019interpretazione magistrale di Pierre Richard e la partecipazione della giovanissima Gioia Heinz, per la prima volta sullo schermo, sono un punto di forza di questo lavoro capace di commuovere, spaventare e mostrare la tristezza delle solitudini.<\/span><\/p>\n<p><span style=\"font-family: 'trebuchet ms', geneva, sans-serif; font-size: 10pt;\">Non ci resta che augurarvi buona visione. Lunga vita ai festival del cinema!<\/span><\/p>\n<p>&nbsp;<\/p>\n<p>&nbsp;<\/p>\n<hr>\n<div>\n<div style=\"text-align: justify;\" title=\"Page 1\">\n<div style=\"text-align: center;\">\n<table style=\"height: 18px; width: 676px;\">\n<tbody>\n<tr style=\"height: 20px;\">\n<td style=\"width: 28.6px; height: 20px; text-align: left;\"><span style=\"font-family: 'trebuchet ms', geneva, sans-serif;\"><a href=\"https:\/\/cinedetour.it\/wp-content\/uploads\/2013\/10\/LOGOTONDO_ombra.png\"><img loading=\"lazy\" decoding=\"async\" class=\"aligncenter  wp-image-1217\" src=\"https:\/\/cinedetour.it\/wp-content\/uploads\/2013\/10\/LOGOTONDO_ombra-150x150.png\" alt=\"LOGOTONDO_ombra\" width=\"33\" height=\"33\" srcset=\"https:\/\/cinedetour.it\/wp-content\/uploads\/2013\/10\/LOGOTONDO_ombra-150x150.png 150w, https:\/\/cinedetour.it\/wp-content\/uploads\/2013\/10\/LOGOTONDO_ombra.png 179w\" sizes=\"(max-width: 33px) 100vw, 33px\" \/><\/a><\/span><\/td>\n<td style=\"width: 644.4px; height: 20px; text-align: left;\"><span style=\"font-family: 'trebuchet ms', geneva, sans-serif; font-size: 18pt;\">DETOUR<\/span><\/td>\n<\/tr>\n<tr style=\"height: 20.8px;\">\n<td style=\"width: 673px; height: 20.8px; text-align: left;\" colspan=\"2\"><span style=\"font-family: 'trebuchet ms', geneva, sans-serif; font-size: 8pt;\">Cinema | Corsi e laboratori | Esposizioni | attivit\u00e0 per bambini | Cinebar | Musica | Distribuzione indipendente | Virtual Cinema<\/span><\/td>\n<\/tr>\n<\/tbody>\n<\/table>\n<table style=\"height: 18px; width: 676px;\">\n<tbody>\n<tr style=\"height: 20.8px;\">\n<td style=\"width: 673px; height: 20.8px; text-align: left;\" colspan=\"2\">&nbsp;<\/td>\n<\/tr>\n<\/tbody>\n<\/table>\n<p style=\"text-align: left;\"><span style=\"font-family: 'trebuchet ms', geneva, sans-serif; font-size: 8pt;\"><span style=\"font-family: 'trebuchet ms', geneva, sans-serif;\"><strong>Tutte le informazioni sul sito www.cinedetour.it sono da intendersi rivolte esclusivamente ai soci Detour.&nbsp;&nbsp;<\/strong><\/span><br \/>\nAssociazione Culturale Detour \u2013 Via Urbana 107 Roma&nbsp;<a href=\"http:\/\/www.cinedetour.it\/\">www.cinedetour.it<\/a>\u2013&nbsp;<a href=\"https:\/\/cinedetour.it\/2019\/02\/01\/la-donna-elettrica\/cinedetour@tiscali.it\">cinedetour@tiscali.it<\/a><a href=\"https:\/\/cinedetour.it\/2019\/02\/01\/la-donna-elettrica\/cinedetour@tiscali.it\"><br \/>\n<\/a>Detour \u00e8 affiliato all\u2019ASSO.N.A.M. e alla FICC (Federazione Italiana Circoli Cinema)<\/span><\/p>\n<p style=\"text-align: left;\"><span style=\"font-size: 8pt; font-family: 'trebuchet ms', geneva, sans-serif;\"><a href=\"https:\/\/cinedetour.it\/crowdfunding-straordinario-salva-detour\/\" target=\"_blank\" rel=\"noopener noreferrer\">Sostienici<\/a> \/ <em><a href=\"https:\/\/cinedetour.it\/crowdfunding-straordinario-salva-detour\/\" target=\"_blank\" rel=\"noopener noreferrer\">Support Us<br \/>\n<\/a><\/em>Seguici su \/ <em>Follow us on:<\/em><\/span><\/p>\n<table style=\"width: 122.4px; height: 40px;\">\n<tbody>\n<tr>\n<td style=\"width: 34px;\"><span style=\"font-family: 'trebuchet ms', geneva, sans-serif;\"><a href=\"http:\/\/www.facebook.com\/cineclub.detour\"><img loading=\"lazy\" decoding=\"async\" class=\"alignnone size-full wp-image-32\" title=\"facebook_logo_s\" src=\"https:\/\/cinedetour.it\/wp-content\/uploads\/2013\/01\/facebook_logo_s1.jpg\" alt=\"\" width=\"31\" height=\"31\"><\/a><\/span><\/td>\n<td style=\"width: 34px;\"><span style=\"font-family: 'trebuchet ms', geneva, sans-serif;\"><a href=\"https:\/\/twitter.com\/#!\/CineclubDetour\"><img loading=\"lazy\" decoding=\"async\" class=\"alignnone size-full wp-image-33\" title=\"Twitter2\" src=\"https:\/\/cinedetour.it\/wp-content\/uploads\/2013\/01\/Twitter21.jpg\" alt=\"\" width=\"30\" height=\"30\"><\/a><\/span><\/td>\n<td style=\"width: 35.4px;\"><span style=\"font-family: 'trebuchet ms', geneva, sans-serif;\"><a href=\"http:\/\/www.youtube.com\/user\/CineclubDetour?feature=watch\"><img loading=\"lazy\" decoding=\"async\" class=\"alignnone size-full wp-image-34\" title=\"youtube_logo\" src=\"https:\/\/cinedetour.it\/wp-content\/uploads\/2013\/01\/youtube_logo.jpg\" alt=\"\" width=\"31\" height=\"30\"><\/a><\/span><\/td>\n<\/tr>\n<\/tbody>\n<\/table>\n<\/div>\n<p>&nbsp;<\/p>\n<\/div>\n<\/div>\n","protected":false},"excerpt":{"rendered":"<p>Si \u00e8 concluso da pochi giorni il Torino Film Festival. La 39esima edizione, pur dovendo fare i conti con l\u2019era Covid, ci ha regalato un risultato incoraggiante, con sale sold out per le proiezioni in concorso. Segno evidente che il pubblico cinematografico ha ancora a cuore il rituale della visione collettiva.<br \/>\nVi segnaliamo alcuni titoli fra i pi\u00f9 interessanti ed altri che ci piacerebbe proporvi anche al Cine Detour fra quelli che siamo riusciti a vedere in anteprima.<\/p>\n","protected":false},"author":2,"featured_media":18993,"comment_status":"closed","ping_status":"open","sticky":false,"template":"","format":"standard","meta":{"pgc_meta":"","ngg_post_thumbnail":0,"footnotes":""},"categories":[376],"tags":[],"translation":{"provider":"WPGlobus","version":"2.8.11","language":"en","enabled_languages":["it","en"],"languages":{"it":{"title":true,"content":true,"excerpt":true},"en":{"title":false,"content":false,"excerpt":false}}},"publishpress_future_action":{"enabled":false,"date":"2026-05-01 19:36:10","action":"category-remove","newStatus":"draft","terms":[],"taxonomy":"category"},"_links":{"self":[{"href":"https:\/\/cinedetour.it\/en\/wp-json\/wp\/v2\/posts\/18968"}],"collection":[{"href":"https:\/\/cinedetour.it\/en\/wp-json\/wp\/v2\/posts"}],"about":[{"href":"https:\/\/cinedetour.it\/en\/wp-json\/wp\/v2\/types\/post"}],"author":[{"embeddable":true,"href":"https:\/\/cinedetour.it\/en\/wp-json\/wp\/v2\/users\/2"}],"replies":[{"embeddable":true,"href":"https:\/\/cinedetour.it\/en\/wp-json\/wp\/v2\/comments?post=18968"}],"version-history":[{"count":32,"href":"https:\/\/cinedetour.it\/en\/wp-json\/wp\/v2\/posts\/18968\/revisions"}],"predecessor-version":[{"id":19010,"href":"https:\/\/cinedetour.it\/en\/wp-json\/wp\/v2\/posts\/18968\/revisions\/19010"}],"wp:featuredmedia":[{"embeddable":true,"href":"https:\/\/cinedetour.it\/en\/wp-json\/wp\/v2\/media\/18993"}],"wp:attachment":[{"href":"https:\/\/cinedetour.it\/en\/wp-json\/wp\/v2\/media?parent=18968"}],"wp:term":[{"taxonomy":"category","embeddable":true,"href":"https:\/\/cinedetour.it\/en\/wp-json\/wp\/v2\/categories?post=18968"},{"taxonomy":"post_tag","embeddable":true,"href":"https:\/\/cinedetour.it\/en\/wp-json\/wp\/v2\/tags?post=18968"}],"curies":[{"name":"wp","href":"https:\/\/api.w.org\/{rel}","templated":true}]}}