{"id":4805,"date":"2015-03-03T20:30:30","date_gmt":"2015-03-03T19:30:30","guid":{"rendered":"https:\/\/cinedetour.it\/?p=4805"},"modified":"2015-03-04T00:24:23","modified_gmt":"2015-03-03T23:24:23","slug":"mar-3-marzo-la-fiesta-del-chivo-buon-compleanno-tomas","status":"publish","type":"post","link":"https:\/\/cinedetour.it\/en\/2015\/03\/03\/mar-3-marzo-la-fiesta-del-chivo-buon-compleanno-tomas\/","title":{"rendered":"mar 3 marzo LA FIESTA DEL CHIVO (buon compleanno Tomas!)"},"content":{"rendered":"<p style=\"text-align: center\"><span style=\"font-size: 14pt\">Cinema Detour, Via Urbana 107 Roma<\/span><\/p>\n<p style=\"text-align: center\"><span style=\"font-size: 14pt\">marted\u00ec 3\u00a0marzo\u00a0ore\u00a020.30<\/span><\/p>\n<p style=\"text-align: center\"><span style=\"font-size: 24pt;color: #3d3d3d\">Buon compleanno\u00a0Tomas!<\/span><\/p>\n<p style=\"text-align: center\"><img loading=\"lazy\" decoding=\"async\" class=\"aligncenter  wp-image-4419\" src=\"https:\/\/cinedetour.it\/wp-content\/uploads\/2014\/12\/CubanHamlet_Tomas_Milian_detour2.jpg\" alt=\"CubanHamlet_Tomas_Milian_detour2\" width=\"360\" height=\"198\" \/><\/p>\n<p style=\"text-align: center\"><span style=\"font-size: 14pt\">a cura di\u00a0Giuseppe Montagnese e Giorgio Navarro (<a href=\"http:\/\/www.tomasmilian.it\" target=\"_blank\" rel=\"nofollow nofollow\">www.tomasmilian.it<\/a>)<\/span><\/p>\n<p style=\"text-align: justify\"><span style=\"font-size: 12pt\">Per festeggiare gli 82 anni di Tomas, i responsabili del\u00a0sito\u00a0tomasmilian.it presentano un Tomas Milian inedito a molti, quello nei panni del cattivissimo dittatore dominicano Trujillo, nel bellissimo film \u201cLa Fiesta del Chivo\u201d (2005) di Luis Llosa. <\/span><\/p>\n<p style=\"text-align: justify\"><span style=\"font-size: 12pt\">Inspiegabilmente mai distribuito\u00a0in Italia il film, di produzione spagnola, verr\u00e0 presentato in versione originale inglese con sottotitoli in italiano creati\u00a0per l&#8217;occasione dallo staff di tomasmilian.it.<\/span><\/p>\n<p style=\"text-align: center\"><span style=\"font-size: 14pt\">info evento &#8212;&gt; <a class=\"profileLink\" href=\"https:\/\/www.facebook.com\/events\/446870395460087\/\">www.facebook.com\/events\/446870395460087<\/a><\/span><\/p>\n<p style=\"text-align: justify\">\u00a0<\/p>\n<p align=\"center\"><span style=\"font-size: 36pt\">LA FIESTA DEL CHIVO<\/span><\/p>\n<p align=\"center\"><span style=\"font-size: 18pt\">(The Feast of the Goat)<\/span><strong><br \/><\/strong><br \/><span style=\"font-size: 14pt\">di Luis Llosa (UK\/Spa.\/Rep. Dom., 2005, 120\u2019, Eng. vers. sott. ita.)<\/span><\/p>\n<p align=\"center\"><a href=\"https:\/\/cinedetour.it\/wp-content\/uploads\/2015\/02\/La-fiesta-del-chivo.jpg\"><img loading=\"lazy\" decoding=\"async\" class=\"aligncenter  wp-image-4806\" src=\"https:\/\/cinedetour.it\/wp-content\/uploads\/2015\/02\/La-fiesta-del-chivo.jpg\" alt=\"La-fiesta-del-chivo\" width=\"661\" height=\"439\" \/><\/a><\/p>\n<p><span style=\"font-size: 10pt\">Tratto dal romanzo best-seller di Mario Vargas Llosa e tradotto per lo schermo dal cugino Luis Llosa, apprezzato regista di action movies. Urania Cabral, avvocato di Manhattan torna dopo 30 anni nella Rep\u00fablica Dominicana per affrontare i suoi fantasmi e le terrificanti circostanze che hanno alterato per sempre la sua vita durante la sua adolescenza, quando Rafael Le\u00f3nidas Trujillo aka El Chivo (La Capra) governava il paese con il suo pugno di ferro. Dopo che Urania avr\u00e0 affrontato il suo passato, nulla nella sua vita sar\u00e0 pi\u00f9 come prima. Grande cast internazionale con Isabella Rossellini nella parte di Urania, Tomas Milian in quella del dittatore Trujillo e Paul Freeman nei panni di Agust\u00edn Cabral.\u00a0<\/span><\/p>\n<p><span style=\"color: #666699\"><em>\u00a0In this\u00a0political thriller, action helmer Luis Llosa cinematizes Mario Vargas Llosa&#8217;s sweeping, epic novel about the myriad of events leading up to the assassination of a real-life tyrannical despot. The story opens in 1992, when a Dominican \u00e9migr\u00e9 attorney, Urania Cabral (Isabella Rossellini) leaves her new home in the U.S. and heads back to her native country, for the first occasion in decades. She intends to confront her father, 80-year-old Augustin (Tomas Milian), about his former employment in the government of the supremely corrupt dictator Rafael Leonidas Trujillo (Tomas Milian). The film then flashes back to the events surrounding the assassination of Trujillo on a highway in late May of 1961, by delving into the lives and motives of each of the participants.<\/em><\/span><\/p>\n<p style=\"text-align: center\">\u00a0&#8212;<\/p>\n<p><span style=\"font-family: arial, helvetica, sans-serif\"><img loading=\"lazy\" decoding=\"async\" class=\"size-full wp-image-1283 aligncenter\" src=\"https:\/\/cinedetour.it\/wp-content\/uploads\/2013\/11\/LOGOTONDO_ombra-e1383573010633.png\" alt=\"LOGOTONDO_ombra\" width=\"130\" height=\"127\" \/><\/span><\/p>\n<p style=\"text-align: center\"><span style=\"font-size: small;font-family: arial, helvetica, sans-serif\">Cinema | Corsi e laboratori | Esposizioni | attivit\u00e0 per bambini | Cinebar | Musica | Video d&#8217;arte | Teatro | Produzione Distribuzione Editoria indipendente<\/span><\/p>\n<p style=\"text-align: center\"><span style=\"font-size: small;font-family: arial, helvetica, sans-serif\">Associazione Culturale Detour &#8211; Via Urbana 107 Roma <a href=\"http:\/\/www.cinedetour.it\">www.cinedetour.it<\/a>&#8211; <a href=\"cinedetour@tiscali.it\">cinedetour@tiscali.it<\/a><\/span><\/p>\n<p style=\"text-align: center\"><span style=\"font-family: arial, helvetica, sans-serif\">Tutti i film sono proiettati in lingua originale con sottotitoli in italiano<\/span><\/p>\n<p style=\"text-align: center\"><span style=\"font-family: arial, helvetica, sans-serif\"><em><span style=\"font-size: small\">Art-house membership cinema in downtown Rome since 1997. All movies are screened in their original languages with italian or english subtitles<\/span><\/em><\/span><\/p>\n<p style=\"text-align: center\"><span style=\"font-family: arial, helvetica, sans-serif\"><span style=\"font-size: small\">Cineclub Detour \u00e8 affiliato all&#8217;ENAL e alla FICC (Federazione Italiana Circoli Cinema)<\/span><\/span><\/p>\n<p style=\"text-align: center\"><span style=\"font-family: arial, helvetica, sans-serif\"><span style=\"font-size: small\"><a href=\"https:\/\/cinedetour.it\/crowdfunding-sostienici\/\" target=\"_blank\">Sostienici<\/a> \/ <em><a href=\"https:\/\/cinedetour.it\/crowdfunding-sostienici\/\" target=\"_blank\">Support Us<\/a><\/em><\/span><\/span><\/p>\n<p style=\"text-align: center\"><span style=\"font-size: small;font-family: arial, helvetica, sans-serif\">Seguici su \/ <em>Follow us on:<\/em><\/span><\/p>\n<p style=\"text-align: center\"><span style=\"font-family: arial, helvetica, sans-serif\"><a href=\"http:\/\/www.facebook.com\/cineclub.detour\"><img loading=\"lazy\" decoding=\"async\" class=\"alignnone size-full wp-image-32\" title=\"facebook_logo_s\" src=\"https:\/\/cinedetour.it\/wp-content\/uploads\/2013\/01\/facebook_logo_s1.jpg\" alt=\"\" width=\"31\" height=\"31\" \/><\/a> <a href=\"https:\/\/twitter.com\/#!\/CineclubDetour\"><img loading=\"lazy\" decoding=\"async\" class=\"alignnone size-full wp-image-33\" title=\"Twitter2\" src=\"https:\/\/cinedetour.it\/wp-content\/uploads\/2013\/01\/Twitter21.jpg\" alt=\"\" width=\"30\" height=\"30\" \/><\/a> <a href=\"http:\/\/www.youtube.com\/user\/CineclubDetour?feature=watch\"><img loading=\"lazy\" decoding=\"async\" class=\"alignnone size-full wp-image-34\" title=\"youtube_logo\" src=\"https:\/\/cinedetour.it\/wp-content\/uploads\/2013\/01\/youtube_logo.jpg\" alt=\"\" width=\"31\" height=\"30\" \/><\/a><\/span><\/p>\n","protected":false},"excerpt":{"rendered":"<p>Cinema Detour, Via Urbana 107 Roma marted\u00ec 3\u00a0marzo\u00a0ore\u00a020.30 Buon compleanno\u00a0Tomas! a cura di\u00a0Giuseppe Montagnese e Giorgio Navarro (www.tomasmilian.it) Per festeggiare gli 82 anni di Tomas, i responsabili del\u00a0sito\u00a0tomasmilian.it presentano un Tomas Milian inedito a molti, quello nei panni del cattivissimo dittatore dominicano Trujillo, nel bellissimo film \u201cLa Fiesta del Chivo\u201d (2005) di Luis Llosa. Inspiegabilmente [&hellip;]<\/p>\n","protected":false},"author":2,"featured_media":0,"comment_status":"closed","ping_status":"open","sticky":false,"template":"","format":"standard","meta":{"pgc_meta":"","ngg_post_thumbnail":0,"footnotes":""},"categories":[376],"tags":[340,224,293,221,305,339,427,162,222,213,26,223,344,304,300,299,425,338,426,219,424],"translation":{"provider":"WPGlobus","version":"2.8.11","language":"en","enabled_languages":["it","en"],"languages":{"it":{"title":true,"content":true,"excerpt":false},"en":{"title":false,"content":false,"excerpt":false}}},"publishpress_future_action":{"enabled":false,"date":"2026-04-30 16:37:23","action":"category-remove","newStatus":"draft","terms":[],"taxonomy":"category"},"_links":{"self":[{"href":"https:\/\/cinedetour.it\/en\/wp-json\/wp\/v2\/posts\/4805"}],"collection":[{"href":"https:\/\/cinedetour.it\/en\/wp-json\/wp\/v2\/posts"}],"about":[{"href":"https:\/\/cinedetour.it\/en\/wp-json\/wp\/v2\/types\/post"}],"author":[{"embeddable":true,"href":"https:\/\/cinedetour.it\/en\/wp-json\/wp\/v2\/users\/2"}],"replies":[{"embeddable":true,"href":"https:\/\/cinedetour.it\/en\/wp-json\/wp\/v2\/comments?post=4805"}],"version-history":[{"count":7,"href":"https:\/\/cinedetour.it\/en\/wp-json\/wp\/v2\/posts\/4805\/revisions"}],"predecessor-version":[{"id":4859,"href":"https:\/\/cinedetour.it\/en\/wp-json\/wp\/v2\/posts\/4805\/revisions\/4859"}],"wp:attachment":[{"href":"https:\/\/cinedetour.it\/en\/wp-json\/wp\/v2\/media?parent=4805"}],"wp:term":[{"taxonomy":"category","embeddable":true,"href":"https:\/\/cinedetour.it\/en\/wp-json\/wp\/v2\/categories?post=4805"},{"taxonomy":"post_tag","embeddable":true,"href":"https:\/\/cinedetour.it\/en\/wp-json\/wp\/v2\/tags?post=4805"}],"curies":[{"name":"wp","href":"https:\/\/api.w.org\/{rel}","templated":true}]}}