{"id":6540,"date":"2015-11-29T20:00:32","date_gmt":"2015-11-29T19:00:32","guid":{"rendered":"https:\/\/cinedetour.it\/?p=6540"},"modified":"2015-12-03T14:17:19","modified_gmt":"2015-12-03T13:17:19","slug":"29-nov-h20-dotr-015-infidjart-giovani-artisti-algerini-in-lotta-focus-algeria-toursdetours","status":"publish","type":"post","link":"https:\/\/cinedetour.it\/en\/2015\/11\/29\/29-nov-h20-dotr-015-infidjart-giovani-artisti-algerini-in-lotta-focus-algeria-toursdetours\/","title":{"rendered":"29 nov DOTR 015 | INFIDJART (Anteprima Assoluta) e AVOIR 20 ANS DANS LES AUR\u00c8S di Ren\u00e9 Vautier (Anteprima Romana) | Focus Algeria Tours\/Detours"},"content":{"rendered":"<p>&nbsp;<\/p>\n<table style=\"height: 50px;\" border=\"0\" width=\"605\">\n<tbody>\n<tr>\n<td>\n<p><span style=\"font-size: 8pt;\">Con il sostegno e il contributo di<\/span><\/p>\n<p><a href=\"https:\/\/cinedetour.it\/wp-content\/uploads\/2015\/11\/logo_regione_trasparente.png\"><img loading=\"lazy\" decoding=\"async\" class=\"wp-image-6435\" src=\"https:\/\/cinedetour.it\/wp-content\/uploads\/2015\/11\/logo_regione_trasparente.png\" alt=\"logo_regione_trasparente\" width=\"138\" height=\"35\" srcset=\"https:\/\/cinedetour.it\/wp-content\/uploads\/2015\/11\/logo_regione_trasparente.png 800w, https:\/\/cinedetour.it\/wp-content\/uploads\/2015\/11\/logo_regione_trasparente-300x76.png 300w\" sizes=\"(max-width: 138px) 100vw, 138px\" \/><br \/><\/a><span style=\"font-size: 8pt;\">Assessorato alla Cultura\u00a0e Politiche Giovanili<\/span><\/p>\n<\/td>\n<td style=\"text-align: right;\">\n<p><span style=\"font-size: 8pt;\">Con il Patrocinio di Municipio Roma I Centro<\/span><\/p>\n<p><a href=\"https:\/\/cinedetour.it\/wp-content\/uploads\/2015\/11\/logo-comune-roma-municipio.png\"><img loading=\"lazy\" decoding=\"async\" class=\"wp-image-6636\" src=\"https:\/\/cinedetour.it\/wp-content\/uploads\/2015\/11\/logo-comune-roma-municipio.png\" alt=\"logo-comune-roma-municipio\" width=\"48\" height=\"58\" srcset=\"https:\/\/cinedetour.it\/wp-content\/uploads\/2015\/11\/logo-comune-roma-municipio.png 400w, https:\/\/cinedetour.it\/wp-content\/uploads\/2015\/11\/logo-comune-roma-municipio-247x300.png 247w\" sizes=\"(max-width: 48px) 100vw, 48px\" \/><\/a><\/p>\n<\/td>\n<\/tr>\n<\/tbody>\n<\/table>\n<p style=\"text-align: justify;\"><img loading=\"lazy\" decoding=\"async\" class=\"wp-image-6626\" src=\"https:\/\/cinedetour.it\/wp-content\/uploads\/2015\/11\/LOGO-DOTR-2015.png\" alt=\"LOGO-DOTR-2015\" width=\"306\" height=\"265\" srcset=\"https:\/\/cinedetour.it\/wp-content\/uploads\/2015\/11\/LOGO-DOTR-2015.png 1000w, https:\/\/cinedetour.it\/wp-content\/uploads\/2015\/11\/LOGO-DOTR-2015-300x259.png 300w\" sizes=\"(max-width: 306px) 100vw, 306px\" \/><\/p>\n<p><span style=\"font-size: 10pt;\"><span style=\"color: #993300;\"><strong>Festival internazionale di cinema indipendente di viaggio, on the road, errante e di frontiera<\/strong><\/span><br \/><span style=\"color: #993300;\"><strong>Disorientamenti\u00a0e derive psicogeografiche<br \/><\/strong><\/span><\/span><em>An international\u00a0independent cinema festival, both on the road and borderline<br \/><\/em><em>Errant images, displacements and psychogeographical drifts<br \/><\/em><span style=\"font-size: 8pt; color: #5c5c5c;\">&#8220;Un tragitto \u00e9 sempre tra due punti, ma lo spazio intermedio ha preso tutta la sua consistenza, \u00a0e gode di un\u2019autonomia come di una direzione propria&#8221;<\/span><br \/><span style=\"font-size: 8pt; color: #5c5c5c;\"><em>&#8220;A path is <em>always between two points<\/em>, <em>but<\/em> the in-<em>between<\/em> has taken on <em>all<\/em> the\u00a0<em>consistency<\/em> and <em>enjoys<\/em> both an <em>autonomy<\/em> and a <em>direction<\/em> of <em>its own&#8221;\u00a0<br \/><\/em><\/em>G. Deleuze, F. Guattari, 1987<\/span><\/p>\n<hr \/>\n<p><span style=\"font-size: 18pt; color: #993300;\"><strong>dom 29 nov<\/strong><\/span><\/p>\n<p class=\"p2\"><span style=\"font-size: 10pt;\"><strong>ALGERIA TOURS\/DETOURS<\/strong><br \/><em>Un focus sul cinema algerino, le sue rivolte passate e contemporanee.\u00a0A cura di Aude Fourel.\u00a0<\/em><br \/><em>Con la collaborazione di Mo\u00efra Chappedelaine-Vautier, Nabil Djedouani e Donatello Fumarola<\/em><\/span><\/p>\n<p class=\"p2\"><span style=\"font-size: 10pt;\"><strong>h19.30 Buffet di benvenuto<\/strong><\/span><\/p>\n<p style=\"text-align: justify;\"><span style=\"font-size: 14pt;\"><span style=\"font-size: 12pt;\"><strong>a seguire<\/strong><\/span><span style=\"color: #008080; font-size: 12pt;\"><strong><br \/><span style=\"font-size: 10pt;\">Focus Algeria Tours\/Detours\u00a0| Fuori concorso | Anteprima assoluta<\/span><br \/><\/strong><\/span><span style=\"font-size: 10pt;\"><em>Algeria Tour\/Detours | Out of competition | World Preview<br \/><\/em><\/span><\/span><span style=\"font-size: 24pt;\">INFIDJART\u00a0<br \/><\/span><span style=\"font-size: 12pt;\">a cura degli studenti dell&#8217;Accademia delle Belle Arti di Algeri<\/span><span style=\"font-family: Arial, sans-serif;\"><br \/><\/span><span style=\"font-size: 10pt;\"><em><span style=\"font-family: Arial, sans-serif;\">2015, Algeria. 40&#8242;<\/span><span style=\"font-family: Arial, sans-serif;\">, v.o. sott.ita<\/span><\/em><\/span><\/p>\n<p style=\"text-align: justify;\"><em><span style=\"font-size: 10pt;\"><strong>A seguire collegamento Skype con gli studenti dell&#8217;Accademia di Belle Arti d&#8217;Algeri<\/strong><\/span><\/em><\/p>\n<p><a href=\"https:\/\/cinedetour.it\/wp-content\/uploads\/2015\/11\/focus_algeria_detour_ontheroad.jpg\"><img loading=\"lazy\" decoding=\"async\" class=\"wp-image-6477\" src=\"https:\/\/cinedetour.it\/wp-content\/uploads\/2015\/11\/focus_algeria_detour_ontheroad.jpg\" alt=\"focus_algeria_detour_ontheroad\" width=\"515\" height=\"299\" srcset=\"https:\/\/cinedetour.it\/wp-content\/uploads\/2015\/11\/focus_algeria_detour_ontheroad.jpg 800w, https:\/\/cinedetour.it\/wp-content\/uploads\/2015\/11\/focus_algeria_detour_ontheroad-300x174.jpg 300w\" sizes=\"(max-width: 515px) 100vw, 515px\" \/><\/a><\/p>\n<p class=\"western\" align=\"justify\"><span style=\"font-family: Arial, sans-serif;\"><span style=\"font-size: small;\">Infidjart \u00e8 il nome del movimento di lotta degli studenti dell&#8217;Accademia delle Belle Arti di Algeri, iniziato il 15 marzo 2015. Il film racconta questi mesi di rivendicazioni, di sciopero della fame, di azioni artistiche e di incontri con i politici per far ritrovare agli studenti uno spazio di libert\u00e0 nella loro scuola, nella loro citt\u00e0, nella loro epoca. \u00c8 la nascita politica di una giovane generazione inquieta e insubordinata. A guardare la testimonianza diretta della loro gioiosa militanza senza compromessi, ci torna in mente\u2026 una risata che vi seppellir\u00e0.<\/span><\/span><\/p>\n<hr \/>\n<p style=\"text-align: justify;\"><em>Infidjart is the name of of the student\u2019s movement of the Academy of Fine Arts in Algiers, which started on March 15, 2015. The film tells the story of how this movement sought a space of freedom in their school, city and time through \u00a0hunger strikes, artistic acts, and meetings with politicians.\u00a0<\/em><a href=\"https:\/\/cinedetour.it\/wp-content\/uploads\/2015\/11\/focus_algeria_detour_ontheroad.jpg\"><br \/><\/a><\/p>\n<p style=\"text-align: justify;\">&#8212;<\/p>\n<p style=\"text-align: justify;\"><span style=\"font-size: 10pt;\"><strong>a seguire<\/strong><span style=\"color: #008080;\"><strong><br \/>Focus Algeria Tours\/Detours\u00a0| Fuori concorso | Anteprima\u00a0romana<br \/><\/strong><\/span><em>Algeria Tour\/Detours | Out of competition |\u00a0Rome\u00a0Preview<\/em><\/span><\/p>\n<p style=\"text-align: justify;\"><span style=\"font-size: 24pt;\">AVOIR 20 ANS\u00a0DANS LES AUR\u00c9S<br \/><\/span><span style=\"font-size: 12pt;\">di Ren\u00e9 Vautier<\/span><br \/><span style=\"font-size: 10pt;\"><em>1972, Francia. 90&#8242;, v.o. sott ita<\/em><\/span><\/p>\n<p style=\"text-align: justify;\"><a href=\"https:\/\/cinedetour.it\/wp-content\/uploads\/2015\/11\/Avoir-20-Ans-Affiche_detour.jpg\"><img loading=\"lazy\" decoding=\"async\" class=\" wp-image-6545\" src=\"https:\/\/cinedetour.it\/wp-content\/uploads\/2015\/11\/Avoir-20-Ans-Affiche_detour.jpg\" alt=\"Avoir-20-Ans-Affiche_detour\" width=\"350\" height=\"467\" srcset=\"https:\/\/cinedetour.it\/wp-content\/uploads\/2015\/11\/Avoir-20-Ans-Affiche_detour.jpg 477w, https:\/\/cinedetour.it\/wp-content\/uploads\/2015\/11\/Avoir-20-Ans-Affiche_detour-225x300.jpg 225w\" sizes=\"(max-width: 350px) 100vw, 350px\" \/><\/a><\/p>\n<p class=\"western\" align=\"justify\"><span style=\"font-size: 10pt;\"><i>Presentato alla 69. Mostra Internazionale d\u2019Arte Cinematografica Venezia<\/i><\/span><\/p>\n<p class=\"western\" align=\"justify\"><span style=\"font-family: Arial, sans-serif;\"><span style=\"font-size: small;\">Aprile 1961. Sulla catena montuosa delle Aur\u00e8s, nell&#8217;est dell&#8217;Algeria, un commando dell&#8217;esercito francese, composto di coscritti bretoni, affronta un gruppo dell&#8217;Armata di Liberazione Nazionale. I soldati riescono a fare un prigioniero, ma uno di loro, maestro di scuola nella vita civile, rimane ferito durante l&#8217;assalto e ripercorre gli eventi degli ultimi mesi: la loro opposizione alla guerra in Algeria che li ha condotti in un campo di punizione per insubordinati, il loro capo che li ha trasformati, da giovani bretoni antimilitaristi a cacciatori di fellagha (i combattenti anti-colonialisti algerini), pronti a uccidere. Tutti tranne Nono\u2026 Questo film \u00e8 un&#8217;immersione nelle contradizioni della guerra d&#8217;Algeria e dell&#8217;animo umano.<\/span><\/span><\/p>\n<p class=\"western\" align=\"justify\"><span style=\"font-family: Arial, sans-serif;\"><span style=\"font-size: small;\">Elogio della disobbedienza civile, il film disobbedisce anche a tutte le convenzioni formali del cinema: combinando cinema militante attivista e cinema sperimentale di performance, immerge gli attori in situazioni di conflitto attestate da storie vere e testimonianze raccolte, lasciandoli liberi di scegliere e reagire.\u00a0<\/span><\/span><span style=\"font-family: Arial, sans-serif;\"><span style=\"font-size: small;\"><span lang=\"it-IT\"><i>Avoir vingt ans dans les Aur\u00e8s<\/i><\/span><\/span><\/span><span style=\"font-family: Arial, sans-serif;\"><span style=\"font-size: small;\"><span lang=\"it-IT\"> trasforma vent&#8217;anni di lotta anticoloniale in cinema sperimentale libertario.<\/span><\/span><\/span><\/p>\n<p class=\"western\" align=\"justify\"><span style=\"font-family: Arial, sans-serif;\"><span style=\"font-size: small;\"><i>April 1961, the Aur\u00e8s massif in southern Algeria: following an ambush a French battalion of Breton soldiers confronts a group from the Algerian National Liberation Army. The film examines the contradictions of the war in Algeria, but also those of the human soul. The militant nature of Vautier&#8217;s cinema on the one hand lies in a flexible meticulousness capable of immediately paying tribute to its epic greatness, and on the other in a constant formal inventiveness.<\/i><\/span><\/span><\/p>\n<p class=\"western\" align=\"justify\"><span style=\"font-family: Arial, sans-serif;\"><span style=\"font-size: small;\"><i>Ren\u00e9 Vautier (Brittany, France 15 January 1928 \u2013 4 January 2015), the first anti-colonialist French film director. His films, which were often controversial with French authorities, addressed many issues, such as the Alegrian War, French colonialism in Africa, pollution, racism, women&#8217;s rights and apartheid in South Africa. Many were banned or condemned, and one caused him to go to prison.<\/i><\/span><\/span><\/p>\n<p>&#8212;<\/p>\n<p><span style=\"font-family: arial, helvetica, sans-serif; font-size: 8pt;\">Cinema | Corsi e laboratori | Esposizioni | attivit\u00e0 per bambini | Cinebar | Musica | Video d&#8217;arte | Distribuzione indipendente<\/span><\/p>\n<p style=\"text-align: justify;\"><span style=\"font-size: 8pt; font-family: arial, helvetica, sans-serif;\">Associazione Culturale Detour &#8211; Via Urbana 107 Roma <a href=\"http:\/\/www.cinedetour.it\">www.cinedetour.it<\/a>&#8211; <a href=\"cinedetour@tiscali.it\">cinedetour@tiscali.it<\/a><\/span><\/p>\n<p style=\"text-align: justify;\"><span style=\"font-family: arial, helvetica, sans-serif; font-size: 8pt;\"><em>Art-house cinema in Downtown Rome since 1997.\u00a0<\/em><\/span><\/p>\n<p style=\"text-align: justify;\"><span style=\"font-family: arial, helvetica, sans-serif; font-size: 8pt;\">Cineclub Detour \u00e8 affiliato a ENAL e alla FICC (Federazione Italiana Circoli Cinema)<\/span><\/p>\n<p style=\"text-align: justify;\"><span style=\"font-family: arial, helvetica, sans-serif; font-size: 8pt;\"><a href=\"https:\/\/cinedetour.it\/crowdfunding-sostienici\/\" target=\"_blank\">Sostienici<\/a> \/ <em><a href=\"https:\/\/cinedetour.it\/crowdfunding-sostienici\/\" target=\"_blank\">Support Us<\/a><\/em><\/span><\/p>\n<p style=\"text-align: justify;\"><span style=\"font-size: 8pt; font-family: arial, helvetica, sans-serif;\">Seguici su \/ <em>Follow us on:<\/em><\/span><\/p>\n<p style=\"text-align: justify;\"><span style=\"font-family: arial, helvetica, sans-serif;\"><a href=\"http:\/\/www.facebook.com\/cineclub.detour\"><img loading=\"lazy\" decoding=\"async\" class=\"alignnone size-full wp-image-32\" title=\"facebook_logo_s\" src=\"https:\/\/cinedetour.it\/wp-content\/uploads\/2013\/01\/facebook_logo_s1.jpg\" alt=\"\" width=\"31\" height=\"31\" \/><\/a> <a href=\"https:\/\/twitter.com\/#!\/CineclubDetour\"><img loading=\"lazy\" decoding=\"async\" class=\"alignnone size-full wp-image-33\" title=\"Twitter2\" src=\"https:\/\/cinedetour.it\/wp-content\/uploads\/2013\/01\/Twitter21.jpg\" alt=\"\" width=\"30\" height=\"30\" \/><\/a> <a href=\"http:\/\/www.youtube.com\/user\/CineclubDetour?feature=watch\"><img loading=\"lazy\" decoding=\"async\" class=\"alignnone size-full wp-image-34\" title=\"youtube_logo\" src=\"https:\/\/cinedetour.it\/wp-content\/uploads\/2013\/01\/youtube_logo.jpg\" alt=\"\" width=\"31\" height=\"30\" \/><\/a><\/span><\/p>\n","protected":false},"excerpt":{"rendered":"<p>Detour on the Road Film Fest 2015. Festival internazionale di cinema di viaggio, on the road e di frontiera. Focus Algeria Tours\/Detours | Fuori concorso. \/ Infidjart \u00e8 il nome del movimento di lotta degli studenti dell&#8217;Accademia delle Belle Arti di Algeri, iniziato il 15 marzo 2015. Il film racconta questi mesi di rivendicazioni, di sciopero della fame, di azioni artistiche e di incontri con i politici per far ritrovare agli studenti uno spazio di libert\u00e0 nella loro scuola, nella loro citt\u00e0, nella loro epoca. \u00c8 la nascita politica di una giovane generazione inquieta e insubordinata.\/\/Avoir vingt ans dans les Aur\u00e8s diRen\u00e9 Vautier trasforma vent&#8217;anni di lotta anticoloniale in cinema sperimentale libertario. Elogio della disobbedienza civile, il film disobbedisce anche a tutte le convenzioni formali del cinema: combinando cinema militante attivista e cinema sperimentale di performance, immerge gli attori in situazioni di conflitto attestate da storie vere e testimonianze raccolte, lasciandoli liberi di scegliere e reagire. OPEN FOR ENG VERSION<\/p>\n","protected":false},"author":2,"featured_media":6477,"comment_status":"closed","ping_status":"open","sticky":false,"template":"","format":"standard","meta":{"pgc_meta":"","ngg_post_thumbnail":0,"footnotes":""},"categories":[567,376,309],"tags":[55,243,224,313,670,221,295,671,330,312,193,672,310,162,222,213,26,223,667,311,882,673,288,600,599,644,296,292,297,668,219],"translation":{"provider":"WPGlobus","version":"2.8.11","language":"en","enabled_languages":["it","en"],"languages":{"it":{"title":true,"content":true,"excerpt":true},"en":{"title":false,"content":false,"excerpt":false}}},"publishpress_future_action":{"enabled":false,"date":"2026-04-28 21:43:53","action":"category-remove","newStatus":"draft","terms":[],"taxonomy":"category"},"_links":{"self":[{"href":"https:\/\/cinedetour.it\/en\/wp-json\/wp\/v2\/posts\/6540"}],"collection":[{"href":"https:\/\/cinedetour.it\/en\/wp-json\/wp\/v2\/posts"}],"about":[{"href":"https:\/\/cinedetour.it\/en\/wp-json\/wp\/v2\/types\/post"}],"author":[{"embeddable":true,"href":"https:\/\/cinedetour.it\/en\/wp-json\/wp\/v2\/users\/2"}],"replies":[{"embeddable":true,"href":"https:\/\/cinedetour.it\/en\/wp-json\/wp\/v2\/comments?post=6540"}],"version-history":[{"count":14,"href":"https:\/\/cinedetour.it\/en\/wp-json\/wp\/v2\/posts\/6540\/revisions"}],"predecessor-version":[{"id":7056,"href":"https:\/\/cinedetour.it\/en\/wp-json\/wp\/v2\/posts\/6540\/revisions\/7056"}],"wp:featuredmedia":[{"embeddable":true,"href":"https:\/\/cinedetour.it\/en\/wp-json\/wp\/v2\/media\/6477"}],"wp:attachment":[{"href":"https:\/\/cinedetour.it\/en\/wp-json\/wp\/v2\/media?parent=6540"}],"wp:term":[{"taxonomy":"category","embeddable":true,"href":"https:\/\/cinedetour.it\/en\/wp-json\/wp\/v2\/categories?post=6540"},{"taxonomy":"post_tag","embeddable":true,"href":"https:\/\/cinedetour.it\/en\/wp-json\/wp\/v2\/tags?post=6540"}],"curies":[{"name":"wp","href":"https:\/\/api.w.org\/{rel}","templated":true}]}}